[{"@context":"https:\/\/schema.org\/","@type":"Article","@id":"https:\/\/www.froxson.sk\/obklady-su-out-in-je-sklo\/#Article","mainEntityOfPage":"https:\/\/www.froxson.sk\/obklady-su-out-in-je-sklo\/","headline":"Obklady s\u00fa OUT! IN je sklo","name":"Obklady s\u00fa OUT! IN je sklo","description":"\u010co m\u00e1te za svojou kuchynskou linkou? Stenu s omietkou, samolepiacu f\u00f3liu alebo obklad? Prv\u00e1, druh\u00e1 aj tretia mo\u017enos\u0165, nie je \u00faplne ide\u00e1lna. P\u00fdtate sa pre\u010do? Preto\u017ee ni\u010d z toho nevyzer\u00e1 dobre, v\u0161etko sa ve\u013emi r\u00fdchlo za\u0161pin\u00ed a e\u0161te \u0165a\u017e\u0161ie vy\u010dist\u00ed. Omnoho lep\u0161\u00edm rie\u0161en\u00edm, s\u00fa sklenen\u00e9 z\u00e1steny do kuchyne http:\/\/lmmont.sk\/sklenene-realizacie\/sklo-do-kuchyne\/. Zbyto\u010dne sa netr\u00e1pte V\u0161etky vy\u0161\u0161ie spomenut\u00e9 [&hellip;]","datePublished":"2019-09-10","dateModified":"2019-09-10","author":{"@type":"Person","@id":"https:\/\/www.froxson.sk\/author\/#Person","name":"","url":"https:\/\/www.froxson.sk\/author\/","identifier":1,"image":{"@type":"ImageObject","@id":"https:\/\/secure.gravatar.com\/avatar\/ccdd701717dc93db07d73e0c11dbbb8b91524cccc3bfbd3baea83667a3ebf5d6?s=96&d=mm&r=g","url":"https:\/\/secure.gravatar.com\/avatar\/ccdd701717dc93db07d73e0c11dbbb8b91524cccc3bfbd3baea83667a3ebf5d6?s=96&d=mm&r=g","height":96,"width":96}},"publisher":{"@type":"Organization","name":"froxson.sk","logo":{"@type":"ImageObject","@id":"\/logo.png","url":"\/logo.png","width":600,"height":60}},"image":{"@type":"ImageObject","@id":"https:\/\/www.froxson.sk\/wp-content\/uploads\/img_a308790_w2032_t1575821118.jpg","url":"https:\/\/www.froxson.sk\/wp-content\/uploads\/img_a308790_w2032_t1575821118.jpg","height":0,"width":0},"url":"https:\/\/www.froxson.sk\/obklady-su-out-in-je-sklo\/","wordCount":386,"articleBody":"   \u010co m\u00e1te za svojou kuchynskou linkou? Stenu s omietkou, samolepiacu f\u00f3liu alebo obklad? Prv\u00e1, druh\u00e1 aj tretia mo\u017enos\u0165, nie je \u00faplne ide\u00e1lna. P\u00fdtate sa pre\u010do? Preto\u017ee ni\u010d z toho nevyzer\u00e1 dobre, v\u0161etko sa ve\u013emi r\u00fdchlo za\u0161pin\u00ed a e\u0161te \u0165a\u017e\u0161ie vy\u010dist\u00ed. Omnoho lep\u0161\u00edm rie\u0161en\u00edm, s\u00fa sklenen\u00e9 z\u00e1steny do kuchyne http:\/\/lmmont.sk\/sklenene-realizacie\/sklo-do-kuchyne\/.  Zbyto\u010dne sa netr\u00e1pte V\u0161etky vy\u0161\u0161ie spomenut\u00e9 mo\u017enosti, som mala mo\u017enos\u0165 v praxi vysk\u00fa\u0161a\u0165 i ja. Najprv som za linkou mala iba stenu. po v\u00e4\u010d\u0161\u00edch z\u00e1plav\u00e1ch, ktor\u00e9 naplno zastihli aj na\u0161u kuchy\u0148u, sme si k\u00fapili nov\u00fa linky, urobili nov\u00fa podlahu a aj vyma\u013eovali. Preto som si pri varen\u00ed d\u00e1vala obrovsk\u00fd pozor, aby som stenu za kuchynskou linkou nepof\u0155kala a nezamastila. \u010co mysl\u00edte, ako to dopadlo? Presne tak, \u017ee som stenu asi o rok oblepila f\u00f3liami, ktor\u00e9 sl\u00fa\u017eia na tento \u00fa\u010del. Hor\u0161ie rie\u0161enie asi ani neexistuje. Po prv\u00e9, sta\u010d\u00ed p\u00e1r kvapiek vody a f\u00f3lia sa v\u00e1m za\u010dn\u00fa pomaly odlepova\u0165 po krajoch. Po druh\u00e9, ani f\u00f3liu dokonale neumyjete, akur\u00e1t tak z nej zo\u0161\u00fachate farbu. Po tretie, ak si nebudete d\u00e1va\u0165 pozor, f\u00f3lia za um\u00fdvadlom v\u00e1m zo spodnej \u010dasti oplesnie jedna rados\u0165. Po t\u00fdchto dvoch pokusoch som prist\u00fapila k razantnej\u0161iemu rie\u0161eniu, a to ku keramick\u00e9mu obkladu. To \u013eutujem do dne\u0161n\u00e9ho d\u0148a. Viem, \u017ee obklady za linkou patria k \u00faplne be\u017en\u00fdm rie\u0161eniam. Chcela som to dokonca urobi\u0165 sama, no partner ma presved\u010dil, \u017ee si rad\u0161ej zaplat\u00edme majstra. Asi som ho nemala po\u010d\u00fava\u0165, preto\u017ee p\u00e1n majster pr\u00e1cu odviedol tak, \u017ee tri kachli\u010dky odpadli po dvoch mesiacoch. Tie, ktor\u00e9 na stene ostali, sa nedali nikdy umy\u0165 dokonale. Mastnota je proste mastnota. Probl\u00e9mom nie je ani tak samotn\u00fd obklad, ale \u0161p\u00e1ry medzi n\u00edm. Z nich nedostanete ani f\u013eak od paradajkov\u00e9ho pretlaku. Kone\u010dn\u00fdm rie\u0161en\u00edm boli teda sklenen\u00e9 z\u00e1steny. Ve\u013emi milo ma prekvapila ich cena, ktor\u00e1 bol a porovnate\u013en\u00e1 s obkladom. Sklo vyum\u00fdvate \u00faplne dokonale a vyzer\u00e1 naozaj super.                                                                                                                                                                                                                                                                                                                                                                                          5\/5 - (2 votes)        "},{"@context":"https:\/\/schema.org\/","@type":"BreadcrumbList","itemListElement":[{"@type":"ListItem","position":1,"name":"Obklady s\u00fa OUT! IN je sklo","item":"https:\/\/www.froxson.sk\/obklady-su-out-in-je-sklo\/#breadcrumbitem"}]}]